{"id":5322,"date":"2024-11-27T11:47:00","date_gmt":"2024-11-27T10:47:00","guid":{"rendered":"https:\/\/www.terredelelu.com\/?p=5322"},"modified":"2024-11-27T11:52:57","modified_gmt":"2024-11-27T10:52:57","slug":"alors-ce-millesime","status":"publish","type":"post","link":"https:\/\/www.terredelelu.com\/fr\/actualite\/2024\/alors-ce-millesime\/","title":{"rendered":"\u00ab\u00a0Alors, ce mill\u00e9sime 2024 ?\u00a0\u00bb"},"content":{"rendered":"<p>C&rsquo;est la question que l&rsquo;on nous pose le plus souvent, du mois de janvier au mois de d\u00e9cembre !<\/p>\n<p>Alors il faut savoir 2 choses :<br \/>\n1\ufe0f\u20e3 tant que tout le raisin n&rsquo;est pas rentr\u00e9, il est tr\u00e8s difficile de se prononcer<br \/>\n2\ufe0f\u20e3 notre travail est d&rsquo;\u00e9laborer le meilleur vin possible avec les conditions de l&rsquo;ann\u00e9e (gel, soleil, pluie, s\u00e9cheresse, gr\u00eale, pression aux maladies, conditions m\u00e9t\u00e9o lors de la fleur, rendements, \u2026)<\/p>\n<p>Cette ann\u00e9e, vous avez peut-\u00eatre remarqu\u00e9 que dans notre r\u00e9gion, l&rsquo;automne a commenc\u00e9 en f\u00e9vrier\u2026 La saison v\u00e9g\u00e9tale a \u00e9t\u00e9 \u00e9prouvante (pression maladie tr\u00e8s forte et donc beaucoup de traitements) et l&rsquo;\u00e9t\u00e9 frais et pluvieux a retard\u00e9 les maturit\u00e9s.<\/p>\n<p>Les vendanges se sont achev\u00e9es mi-octobre apr\u00e8s 3 semaines et demie de coupe et le travail m\u00e9ticuleux d\u2019une belle \u00e9quipe de vendangeurs. Ni la pluie ni l\u2019humidit\u00e9 ambiante n\u2019auront r\u00e9ussi \u00e0 les d\u00e9courager et les quelques heures ensoleill\u00e9es resteront comme des instants de gr\u00e2ce dans la difficult\u00e9\u00a0! Comme l\u2019ann\u00e9e derni\u00e8re, il aura fallu trier, jeter, s\u00e9lectionner les morceaux de grappes intacts pour ne garder que le meilleur. Le r\u00e9sultats est l\u00e0\u00a0: avec une petite r\u00e9colte, certes (2\/3 d\u2019une r\u00e9colte normale), mais des maturit\u00e9s tr\u00e8s satisfaisantes et de belles acidit\u00e9s.<\/p>\n<p>A pr\u00e9sent, les vinifications se poursuivent en douceur, et chaque cuv\u00e9e a trouv\u00e9 sa destination d&rsquo;\u00e9levage : cuve, barrique, demi-muid ou amphore.<\/p>\n<p>Nous vadrouillons chacun \u00e0 travers la France ( \u2708 ) \u00e0 la rencontre de nos clients. Toulouse, Loire-Atlantique, Le Mans, Lyon, Bretagne, Marseille et Toulon\u2026 autant de belles occasions de red\u00e9couvrir la richesse de notre patrimoine sur les plans des paysages et de la gastronomie !<\/p>\n<p>Sachez que nous accueillons \u00e9galement avec plaisir au domaine sur RV !<\/p>\n","protected":false},"excerpt":{"rendered":"<p>Cette ann\u00e9e, vous avez peut-\u00eatre remarqu\u00e9 que dans notre r\u00e9gion, l&rsquo;automne a commenc\u00e9 en f\u00e9vrier\u2026 La saison v\u00e9g\u00e9tale a \u00e9t\u00e9 \u00e9prouvante (pression maladie tr\u00e8s forte et donc beaucoup de traitements) et l&rsquo;\u00e9t\u00e9 frais et pluvieux a retard\u00e9 les maturit\u00e9s.<\/p>\n","protected":false},"author":2,"featured_media":5323,"comment_status":"closed","ping_status":"open","sticky":false,"template":"","format":"standard","meta":{"_acf_changed":false,"footnotes":""},"categories":[29],"tags":[],"class_list":["post-5322","post","type-post","status-publish","format-standard","has-post-thumbnail","hentry","category-actualite"],"acf":[],"_links":{"self":[{"href":"https:\/\/www.terredelelu.com\/fr\/wp-json\/wp\/v2\/posts\/5322","targetHints":{"allow":["GET"]}}],"collection":[{"href":"https:\/\/www.terredelelu.com\/fr\/wp-json\/wp\/v2\/posts"}],"about":[{"href":"https:\/\/www.terredelelu.com\/fr\/wp-json\/wp\/v2\/types\/post"}],"author":[{"embeddable":true,"href":"https:\/\/www.terredelelu.com\/fr\/wp-json\/wp\/v2\/users\/2"}],"replies":[{"embeddable":true,"href":"https:\/\/www.terredelelu.com\/fr\/wp-json\/wp\/v2\/comments?post=5322"}],"version-history":[{"count":0,"href":"https:\/\/www.terredelelu.com\/fr\/wp-json\/wp\/v2\/posts\/5322\/revisions"}],"wp:featuredmedia":[{"embeddable":true,"href":"https:\/\/www.terredelelu.com\/fr\/wp-json\/wp\/v2\/media\/5323"}],"wp:attachment":[{"href":"https:\/\/www.terredelelu.com\/fr\/wp-json\/wp\/v2\/media?parent=5322"}],"wp:term":[{"taxonomy":"category","embeddable":true,"href":"https:\/\/www.terredelelu.com\/fr\/wp-json\/wp\/v2\/categories?post=5322"},{"taxonomy":"post_tag","embeddable":true,"href":"https:\/\/www.terredelelu.com\/fr\/wp-json\/wp\/v2\/tags?post=5322"}],"curies":[{"name":"wp","href":"https:\/\/api.w.org\/{rel}","templated":true}]}}